{"id":4129,"date":"2016-08-31T09:59:42","date_gmt":"2016-08-31T07:59:42","guid":{"rendered":"http:\/\/www.eso-volley.fr\/?p=4129"},"modified":"2016-08-31T10:06:01","modified_gmt":"2016-08-31T08:06:01","slug":"la-saison-2016-2017","status":"publish","type":"post","link":"https:\/\/www.eso-volley.fr\/?p=4129","title":{"rendered":"Lancement de la saison 2016-2017"},"content":{"rendered":"<p>Bonjour \u00e0 toutes et tous,<\/p>\n<p>La reprise du<strong> Lundi 5 septembre<\/strong> marquera le lancement de la saison <strong>2016-2017<\/strong> pour l&rsquo;<strong>Eso Volleyball<\/strong>.<\/p>\n<p><a href=\"http:\/\/www.eso-volley.fr\/wp-content\/uploads\/2016\/08\/ESO-Wants-U.png\"><img loading=\"lazy\" decoding=\"async\" class=\"aligncenter size-medium wp-image-4130\" src=\"http:\/\/www.eso-volley.fr\/wp-content\/uploads\/2016\/08\/ESO-Wants-U-300x300.png\" alt=\"ESO-Wants-U\" width=\"300\" height=\"300\" srcset=\"https:\/\/www.eso-volley.fr\/wp-content\/uploads\/2016\/08\/ESO-Wants-U-300x300.png 300w, https:\/\/www.eso-volley.fr\/wp-content\/uploads\/2016\/08\/ESO-Wants-U-150x150.png 150w, https:\/\/www.eso-volley.fr\/wp-content\/uploads\/2016\/08\/ESO-Wants-U-144x144.png 144w, https:\/\/www.eso-volley.fr\/wp-content\/uploads\/2016\/08\/ESO-Wants-U.png 600w\" sizes=\"auto, (max-width: 300px) 100vw, 300px\" \/><\/a><\/p>\n<p>Comme chaque ann\u00e9e, nous enregistrons plusieurs d\u00e9parts et nous aurons besoin de vous pour nous aider \u00e0 compl\u00e9ter nos <strong>4 \u00e9quipes<\/strong>.<\/p>\n<p>Vous vous posez certainement des questions sur nous, alors, je vais tenter d&rsquo;y r\u00e9pondre :<\/p>\n<blockquote><p><em><strong>Mais Notre-Dame d&rsquo;O\u00e9, c&rsquo;est pas un peu paum\u00e9 \u00e7a ?<\/strong><\/em><\/p><\/blockquote>\n<p>Pas du tout, <strong>Notre-Dame d&rsquo;O\u00e9<\/strong> c&rsquo;est \u00e0 <strong>15<\/strong> minutes du <strong>centre de Tours<\/strong> et \u00e0 seulement <strong>5<\/strong> minutes de <strong>Tours Nord<\/strong> !<\/p>\n<p>&nbsp;<\/p>\n<blockquote><p><strong><em>Comment savoir si je trouverai une \u00e9quipe qui me convient ?<\/em><\/strong><\/p><\/blockquote>\n<p>L&rsquo;<strong>Eso volley ball<\/strong> est un club qui poss\u00e8de <strong>4 \u00e9quipes<\/strong> et qui par cons\u00e9quent offre une large gamme de choix en terme de niveaux puisque celles ci \u00e9volueront la saison prochaine dans les poules <strong>A, C, D et G<\/strong>. (A \u00e9tant le niveau le plus \u00e9lev\u00e9 et G son oppos\u00e9).<\/p>\n<p>&nbsp;<\/p>\n<blockquote><p><em><strong>Et quels sont les jours d&rsquo;entra\u00eenement et de matchs ?<\/strong><\/em><\/p><\/blockquote>\n<p>Les <strong>lundis (20h)<\/strong> sont d\u00e9di\u00e9s aux entra\u00eenements des 4 \u00e9quipes et les <strong>mercredis (20h30 ou 21h00)<\/strong> aux matchs.<\/p>\n<p>&nbsp;<\/p>\n<p>A tr\u00e8s bient\u00f4t<\/p>\n","protected":false},"excerpt":{"rendered":"<p>Bonjour \u00e0 toutes et tous, La reprise du Lundi 5 septembre marquera le lancement de la saison 2016-2017 pour l&rsquo;Eso Volleyball. Comme chaque ann\u00e9e, nous enregistrons plusieurs d\u00e9parts et nous aurons besoin de vous pour nous aider \u00e0 compl\u00e9ter nos 4 \u00e9quipes. Vous vous posez certainement des questions sur nous, alors, je vais tenter d&rsquo;y &hellip; <\/p>\n<p><a class=\"more-link btn\" href=\"https:\/\/www.eso-volley.fr\/?p=4129\">Lire la suite<\/a><\/p>\n","protected":false},"author":36,"featured_media":4130,"comment_status":"open","ping_status":"closed","sticky":false,"template":"","format":"standard","meta":{"footnotes":""},"categories":[5,10,1],"tags":[],"class_list":["post-4129","post","type-post","status-publish","format-standard","has-post-thumbnail","hentry","category-club","category-site","category-non-classe","item-wrap"],"_links":{"self":[{"href":"https:\/\/www.eso-volley.fr\/index.php?rest_route=\/wp\/v2\/posts\/4129","targetHints":{"allow":["GET"]}}],"collection":[{"href":"https:\/\/www.eso-volley.fr\/index.php?rest_route=\/wp\/v2\/posts"}],"about":[{"href":"https:\/\/www.eso-volley.fr\/index.php?rest_route=\/wp\/v2\/types\/post"}],"author":[{"embeddable":true,"href":"https:\/\/www.eso-volley.fr\/index.php?rest_route=\/wp\/v2\/users\/36"}],"replies":[{"embeddable":true,"href":"https:\/\/www.eso-volley.fr\/index.php?rest_route=%2Fwp%2Fv2%2Fcomments&post=4129"}],"version-history":[{"count":9,"href":"https:\/\/www.eso-volley.fr\/index.php?rest_route=\/wp\/v2\/posts\/4129\/revisions"}],"predecessor-version":[{"id":4140,"href":"https:\/\/www.eso-volley.fr\/index.php?rest_route=\/wp\/v2\/posts\/4129\/revisions\/4140"}],"wp:featuredmedia":[{"embeddable":true,"href":"https:\/\/www.eso-volley.fr\/index.php?rest_route=\/wp\/v2\/media\/4130"}],"wp:attachment":[{"href":"https:\/\/www.eso-volley.fr\/index.php?rest_route=%2Fwp%2Fv2%2Fmedia&parent=4129"}],"wp:term":[{"taxonomy":"category","embeddable":true,"href":"https:\/\/www.eso-volley.fr\/index.php?rest_route=%2Fwp%2Fv2%2Fcategories&post=4129"},{"taxonomy":"post_tag","embeddable":true,"href":"https:\/\/www.eso-volley.fr\/index.php?rest_route=%2Fwp%2Fv2%2Ftags&post=4129"}],"curies":[{"name":"wp","href":"https:\/\/api.w.org\/{rel}","templated":true}]}}